{"id":4961,"date":"2013-05-01T09:14:37","date_gmt":"2013-05-01T09:14:37","guid":{"rendered":"http:\/\/santarelli.be\/Wp\/?p=4961"},"modified":"2013-05-01T09:16:53","modified_gmt":"2013-05-01T09:16:53","slug":"wedding-photographers-united","status":"publish","type":"post","link":"https:\/\/santarelli.be\/Wp\/archives\/4961","title":{"rendered":"Wedding Photographers United!"},"content":{"rendered":"<p>Il y a quelques semaines, j&rsquo;ai rencontr\u00e9 <a href=\"http:\/\/www.alohafred.com\/ \">Fr\u00e9d\u00e9ric <\/a>qui m&rsquo;a propos\u00e9 de le rejoindre ainsi que plein de photographes qui partagent le m\u00eame esprit de la photo de mariage lors du souper\u00a0Wedding Photographers United!<\/p>\n<p>Je n&rsquo;ai pas h\u00e9sit\u00e9 \u00e0 dire \u00ab\u00a0oui\u00a0\u00bb \u00a0(comme le font mes petits mari\u00e9s \u00e0 chaque fois que je travaille pour eux :p ) et \u00e0 emmener mon ami <a href=\"https:\/\/www.facebook.com\/pages\/Arnaud-Roberti-Photographie\/129080233783399\">Arnaud Roberti <\/a>avec moi (celui-l\u00e0 m\u00eame qui a fait les portraits qui sont sur <a href=\"http:\/\/santarelli.be\/info.html\">ma page de pr\u00e9sentation<\/a> du site web )<\/p>\n<p>Comme vous le verrez au travers des quelques images ci-dessous, il y avait des appareils photos dans tous les sens !<\/p>\n<p>(Parenth\u00e8se : <em>J&rsquo;\u00e9tais en mode light avec mon compact, qui continue \u00e0 m&rsquo;offrir de chouette images quand je souhaite voyager l\u00e9ger ou que je suis la journ\u00e9e en client\u00e8le pour mon boulot principal et que j&rsquo;ai un chouette d\u00eener le soir \ud83d\ude09<\/em> , fin de la parenth\u00e8se : on passe aux images)<\/p>\n<p>Ap\u00e9ro :<\/p>\n<figure id=\"attachment_4962\" aria-describedby=\"caption-attachment-4962\" style=\"width: 300px\" class=\"wp-caption aligncenter\"><a href=\"http:\/\/santarelli.be\/Wp\/wp-content\/uploads\/2013\/05\/Santarelli-9-sur-15.jpg\"><img loading=\"lazy\" decoding=\"async\" class=\"size-medium wp-image-4962\" alt=\"Benjamin Brolet et Michel Yuryev \u00e9changeant \u00e0 propos de la diffusion live des photos sur iPad\" src=\"http:\/\/santarelli.be\/Wp\/wp-content\/uploads\/2013\/05\/Santarelli-9-sur-15-300x300.jpg\" width=\"300\" height=\"300\" srcset=\"https:\/\/santarelli.be\/Wp\/wp-content\/uploads\/2013\/05\/Santarelli-9-sur-15-300x300.jpg 300w, https:\/\/santarelli.be\/Wp\/wp-content\/uploads\/2013\/05\/Santarelli-9-sur-15-150x150.jpg 150w, https:\/\/santarelli.be\/Wp\/wp-content\/uploads\/2013\/05\/Santarelli-9-sur-15-1024x1024.jpg 1024w, https:\/\/santarelli.be\/Wp\/wp-content\/uploads\/2013\/05\/Santarelli-9-sur-15.jpg 1600w\" sizes=\"(max-width: 300px) 100vw, 300px\" \/><\/a><figcaption id=\"caption-attachment-4962\" class=\"wp-caption-text\">Benjamin Brolet et Michel Yuryev \u00e9changeant \u00e0 propos de la diffusion live des photos sur iPad<\/figcaption><\/figure>\n<p>J&rsquo;ai enfin rencontr\u00e9 <a href=\"http:\/\/www.twane.be\">Twane<\/a>, qui est de la r\u00e9gion et dont j&rsquo;appr\u00e9cie le boulot !<\/p>\n<p>Repas :<\/p>\n<figure id=\"attachment_4963\" aria-describedby=\"caption-attachment-4963\" style=\"width: 300px\" class=\"wp-caption aligncenter\"><a href=\"http:\/\/santarelli.be\/Wp\/wp-content\/uploads\/2013\/05\/Santarelli-11-sur-15.jpg\"><img loading=\"lazy\" decoding=\"async\" class=\"size-medium wp-image-4963\" alt=\"Le repas\" src=\"http:\/\/santarelli.be\/Wp\/wp-content\/uploads\/2013\/05\/Santarelli-11-sur-15-300x200.jpg\" width=\"300\" height=\"200\" srcset=\"https:\/\/santarelli.be\/Wp\/wp-content\/uploads\/2013\/05\/Santarelli-11-sur-15-300x200.jpg 300w, https:\/\/santarelli.be\/Wp\/wp-content\/uploads\/2013\/05\/Santarelli-11-sur-15-1024x683.jpg 1024w, https:\/\/santarelli.be\/Wp\/wp-content\/uploads\/2013\/05\/Santarelli-11-sur-15.jpg 1600w\" sizes=\"(max-width: 300px) 100vw, 300px\" \/><\/a><figcaption id=\"caption-attachment-4963\" class=\"wp-caption-text\">Le repas<\/figcaption><\/figure>\n<figure id=\"attachment_4964\" aria-describedby=\"caption-attachment-4964\" style=\"width: 300px\" class=\"wp-caption aligncenter\"><a href=\"http:\/\/santarelli.be\/Wp\/wp-content\/uploads\/2013\/05\/Santarelli-13-sur-15.jpg\"><img loading=\"lazy\" decoding=\"async\" class=\"size-medium wp-image-4964\" alt=\"Un bon petit r\u00e9sum\u00e9 de la soir\u00e9e, sur deux plans ;)\" src=\"http:\/\/santarelli.be\/Wp\/wp-content\/uploads\/2013\/05\/Santarelli-13-sur-15-300x200.jpg\" width=\"300\" height=\"200\" srcset=\"https:\/\/santarelli.be\/Wp\/wp-content\/uploads\/2013\/05\/Santarelli-13-sur-15-300x200.jpg 300w, https:\/\/santarelli.be\/Wp\/wp-content\/uploads\/2013\/05\/Santarelli-13-sur-15-1024x683.jpg 1024w, https:\/\/santarelli.be\/Wp\/wp-content\/uploads\/2013\/05\/Santarelli-13-sur-15.jpg 1600w\" sizes=\"(max-width: 300px) 100vw, 300px\" \/><\/a><figcaption id=\"caption-attachment-4964\" class=\"wp-caption-text\">Un bon petit r\u00e9sum\u00e9 de la soir\u00e9e, sur deux plans \ud83d\ude09<\/figcaption><\/figure>\n<p><a href=\"http:\/\/www.photob.be\/\">Benjamin Brolet<\/a> nous a pens\u00e9 une photo de groupe avec 25 flashs d\u00e9port\u00e9s, avec des diffuseurs : h\u00e2te de voir le r\u00e9sultat !<\/p>\n<figure id=\"attachment_4965\" aria-describedby=\"caption-attachment-4965\" style=\"width: 300px\" class=\"wp-caption aligncenter\"><a href=\"http:\/\/santarelli.be\/Wp\/wp-content\/uploads\/2013\/05\/Santarelli-14-sur-15.jpg\"><img loading=\"lazy\" decoding=\"async\" class=\"size-medium wp-image-4965\" alt=\"La photo de groupe aux 25 flashs d\u00e9port\u00e9s par Benjamin Brolet\" src=\"http:\/\/santarelli.be\/Wp\/wp-content\/uploads\/2013\/05\/Santarelli-14-sur-15-300x200.jpg\" width=\"300\" height=\"200\" srcset=\"https:\/\/santarelli.be\/Wp\/wp-content\/uploads\/2013\/05\/Santarelli-14-sur-15-300x200.jpg 300w, https:\/\/santarelli.be\/Wp\/wp-content\/uploads\/2013\/05\/Santarelli-14-sur-15-1024x683.jpg 1024w, https:\/\/santarelli.be\/Wp\/wp-content\/uploads\/2013\/05\/Santarelli-14-sur-15.jpg 1600w\" sizes=\"(max-width: 300px) 100vw, 300px\" \/><\/a><figcaption id=\"caption-attachment-4965\" class=\"wp-caption-text\">La photo de groupe aux 25 flashs d\u00e9port\u00e9s par Benjamin Brolet<\/figcaption><\/figure>\n<p>Dessert :<\/p>\n<figure id=\"attachment_4966\" aria-describedby=\"caption-attachment-4966\" style=\"width: 300px\" class=\"wp-caption aligncenter\"><a href=\"http:\/\/santarelli.be\/Wp\/wp-content\/uploads\/2013\/05\/Santarelli-15-sur-15.jpg\"><img loading=\"lazy\" decoding=\"async\" class=\"size-medium wp-image-4966\" alt=\"Discussions informelles apr\u00e8s le repas\" src=\"http:\/\/santarelli.be\/Wp\/wp-content\/uploads\/2013\/05\/Santarelli-15-sur-15-300x200.jpg\" width=\"300\" height=\"200\" srcset=\"https:\/\/santarelli.be\/Wp\/wp-content\/uploads\/2013\/05\/Santarelli-15-sur-15-300x200.jpg 300w, https:\/\/santarelli.be\/Wp\/wp-content\/uploads\/2013\/05\/Santarelli-15-sur-15-1024x683.jpg 1024w, https:\/\/santarelli.be\/Wp\/wp-content\/uploads\/2013\/05\/Santarelli-15-sur-15.jpg 1600w\" sizes=\"(max-width: 300px) 100vw, 300px\" \/><\/a><figcaption id=\"caption-attachment-4966\" class=\"wp-caption-text\">Discussions informelles apr\u00e8s le repas<\/figcaption><\/figure>\n<p>&nbsp;<\/p>\n<p>Pas de jugement, discussions autour de plein de th\u00e8mes relatifs \u00e0 notre activit\u00e9 de photographe (de la fiscalit\u00e9 aux sacs \u00e0 dos, en passant par les albums et les bonnes\/mauvaises exp\u00e9riences avec les Wedding Planners (c&rsquo;est dingue, les m\u00eames noms ressortaient dans les deux cat\u00e9gories Haha) et j&rsquo;en passe !).<\/p>\n<p><a href=\"http:\/\/www.floricolor.pt\/pt\/\">Floricolor <\/a>\u00e9tait pr\u00e9sent pour pr\u00e9senter leur gamme d&rsquo;album et leurs autres produits, je vais rester en contact avec la petite dame qui \u00e9tait pr\u00e9sente, je pense que \u00e7a me permettra de vous offrir de beaux albums dans un rapport qualit\u00e9-prix plus que correct !<\/p>\n<p>Enfin en conclusion de cette soir\u00e9e : <em>j&rsquo;ai partag\u00e9 mon repas \u00e0 table avec des photographes dont j&rsquo;admire le travail depuis des ann\u00e9es pour certains, ceux-l\u00e0 m\u00eame qui ont fait na\u00eetre en moi l&rsquo;envie de transformer une passion en activit\u00e9 professionnelle, ceux qui montrent et d\u00e9montre que c&rsquo;est encore possible de r\u00e9ussir dans la photographie (comme compl\u00e9mentaire ou comme temps-plein). J&rsquo;ai pu \u00e9changer avec eux toute la soir\u00e9e, c&rsquo;\u00e9tait vraiment enrichissant !<\/em><\/p>\n<p>Et pour clore cet article un petit peu \u00ab\u00a03615 mavie\u00a0\u00bb merci \u00e0 Fr\u00e9d\u00e9ric pour l&rsquo;invitation et \u00e0 bient\u00f4t pour de nouvelles aventures !<\/p>\n<p>&nbsp;<\/p>\n","protected":false},"excerpt":{"rendered":"<p>Il y a quelques semaines, j&rsquo;ai rencontr\u00e9 Fr\u00e9d\u00e9ric qui m&rsquo;a propos\u00e9 de le rejoindre ainsi que plein de photographes qui partagent le m\u00eame esprit de la photo de mariage lors du souper\u00a0Wedding Photographers United! Je n&rsquo;ai pas h\u00e9sit\u00e9 \u00e0 dire \u00ab\u00a0oui\u00a0\u00bb \u00a0(comme le font mes petits mari\u00e9s \u00e0 chaque fois que je travaille pour eux &hellip; <\/p>\n<p class=\"link-more\"><a href=\"https:\/\/santarelli.be\/Wp\/archives\/4961\" class=\"more-link\">Continuer la lecture<span class=\"screen-reader-text\"> de &laquo;&nbsp;Wedding Photographers United!&nbsp;&raquo;<\/span><\/a><\/p>\n","protected":false},"author":2,"featured_media":0,"comment_status":"open","ping_status":"open","sticky":false,"template":"","format":"standard","meta":{"_vp_format_video_url":"","_vp_image_focal_point":[],"footnotes":"","_links_to":"","_links_to_target":""},"categories":[3],"tags":[51,163,359,384,383,385],"_links":{"self":[{"href":"https:\/\/santarelli.be\/Wp\/wp-json\/wp\/v2\/posts\/4961"}],"collection":[{"href":"https:\/\/santarelli.be\/Wp\/wp-json\/wp\/v2\/posts"}],"about":[{"href":"https:\/\/santarelli.be\/Wp\/wp-json\/wp\/v2\/types\/post"}],"author":[{"embeddable":true,"href":"https:\/\/santarelli.be\/Wp\/wp-json\/wp\/v2\/users\/2"}],"replies":[{"embeddable":true,"href":"https:\/\/santarelli.be\/Wp\/wp-json\/wp\/v2\/comments?post=4961"}],"version-history":[{"count":3,"href":"https:\/\/santarelli.be\/Wp\/wp-json\/wp\/v2\/posts\/4961\/revisions"}],"predecessor-version":[{"id":4968,"href":"https:\/\/santarelli.be\/Wp\/wp-json\/wp\/v2\/posts\/4961\/revisions\/4968"}],"wp:attachment":[{"href":"https:\/\/santarelli.be\/Wp\/wp-json\/wp\/v2\/media?parent=4961"}],"wp:term":[{"taxonomy":"category","embeddable":true,"href":"https:\/\/santarelli.be\/Wp\/wp-json\/wp\/v2\/categories?post=4961"},{"taxonomy":"post_tag","embeddable":true,"href":"https:\/\/santarelli.be\/Wp\/wp-json\/wp\/v2\/tags?post=4961"}],"curies":[{"name":"wp","href":"https:\/\/api.w.org\/{rel}","templated":true}]}}