{"id":5158,"date":"2014-03-02T08:17:35","date_gmt":"2014-03-02T08:17:35","guid":{"rendered":"http:\/\/santarelli.be\/Wp\/?p=5158"},"modified":"2014-03-02T08:17:35","modified_gmt":"2014-03-02T08:17:35","slug":"comment-avoir-un-fond-flou-reponse-a-un-internaute","status":"publish","type":"post","link":"https:\/\/santarelli.be\/Wp\/archives\/5158","title":{"rendered":"Comment avoir un fond flou ? R\u00e9ponse \u00e0 un internaute"},"content":{"rendered":"<p>Il y a quelques jours, j&rsquo;ai re\u00e7u cet e-mail. Comme ma r\u00e9ponse allait sans doute en int\u00e9resser plus d&rsquo;un, j&rsquo;ai choisi d&rsquo;y r\u00e9pondre sur le blog.<br \/>\nN&rsquo;h\u00e9sitez pas \u00e0 me dire si ce genre d&rsquo;article vous plait. <\/p>\n<p><em>Bonjour S\u00e9bastien , je suis l&rsquo;heureux propri\u00e9taire et novice d&rsquo;un Fuji xm1 avec lequel j&rsquo;arrive \u00e0 faire de tr\u00e8s  belles photos de paysages en manuel, les bokeh je n&rsquo;y arrive pas! si vous pouvez me donner quelques conseils sur les r\u00e9glages que vous mettez en mode \u00ab\u00a0m\u00a0\u00bb , de la m\u00eame fa\u00e7on pour des portraits &#8230;les mode pr\u00e9r\u00e9gl\u00e9s visage doux , visage dans le mode plusieurs s\u00e9lections; je ne les trouve pas efficaces &#8230; Quelle est donc votre ruse pour r\u00e9duire \u00e0 juste titre la profondeur de champ pour avoir des portraits am\u00e9ricains avec une bonne nettet\u00e9 du visage sans trop de relief non plus . Merci d&rsquo;avance pour ces petits conseils qui m&rsquo;aideront \u00e0 r\u00e9ussir ce type de clich\u00e9s (bokeh et portrait )                                      N.b: au fait merci pour votre  astuce du flash qui ne fonctionne pas en mode silence, je commen\u00e7ais \u00e0 m&rsquo;\u00e9nerver , j&rsquo;\u00e9tais pr\u00eat \u00e0 le retourner au Sav lol.                             &#8212;                                                            Benoit V<\/p>\n<p>Envoy\u00e9 de mon iPhone<\/em><\/p>\n<p>Bonjour Beno\u00eet,<br \/>\nLe bokeh est cet effet de flou, qui survient hors de la profondeur de champ (la zone hors de celle sur laquelle on a fait la mise au point). <\/p>\n<p><a href=\"http:\/\/santarelli.be\/Wp\/wp-content\/uploads\/2014\/03\/20140302-090443.jpg\"><img decoding=\"async\" src=\"http:\/\/santarelli.be\/Wp\/wp-content\/uploads\/2014\/03\/20140302-090443.jpg\" alt=\"20140302-090443.jpg\" class=\"alignnone size-full\" \/><\/a><\/p>\n<p>Il y a plusieurs param\u00e8tres qui peuvent l&rsquo;accentuer :<br \/>\n&#8211; <strong>la taille du capteur<\/strong> : l&rsquo;effet sera plus fort, \u00e0 autres r\u00e9glages identiques, sur un capteur plein format , l\u00e0 o\u00f9 nous avons un capteur plus petit de moiti\u00e9 dans les Fuji. Evidemment, pas tr\u00e8s facile de jouer sur ce param\u00e8tre apr\u00e8s l&rsquo;achat de l&rsquo;appareil \ud83d\ude42<br \/>\n&#8211; <strong>l&rsquo;ouverture de l&rsquo;objectif<\/strong> : au plus l&rsquo;ouverture est grande, au plus la profondeur de champ sera petite et donc la \u00ab\u00a0zone floue\u00a0\u00bb importante.<br \/>\n<a href=\"http:\/\/santarelli.be\/Wp\/wp-content\/uploads\/2014\/03\/20140302-091223.jpg\"><img decoding=\"async\" src=\"http:\/\/santarelli.be\/Wp\/wp-content\/uploads\/2014\/03\/20140302-091223.jpg\" alt=\"20140302-091223.jpg\" class=\"alignnone size-full\" \/><\/a><\/p>\n<p>&#8211; <strong>la distance entre le sujet et l&rsquo;appareil<\/strong> : au plus la distance entre le capteur et le sujet sera petite, au plus l&rsquo;effet sera prononc\u00e9 (r\u00e9duction de la profondeur de champ).<br \/>\n<a href=\"http:\/\/santarelli.be\/Wp\/wp-content\/uploads\/2014\/03\/20140302-090356.jpg\"><img decoding=\"async\" src=\"http:\/\/santarelli.be\/Wp\/wp-content\/uploads\/2014\/03\/20140302-090356.jpg\" alt=\"20140302-090356.jpg\" class=\"alignnone size-full\" \/><\/a><\/p>\n<p>&#8211; <strong>la focale<\/strong> : au plus la focale est importante, au plus l&rsquo;effet sera marqu\u00e9. Vous avez d\u00e9j\u00e0 sans doute remarqu\u00e9 qu&rsquo;il \u00e9tait plus facile d&rsquo;avoir cet effet \u00e0 50mm qu&rsquo;\u00e0 16mm.<br \/>\n<a href=\"http:\/\/santarelli.be\/Wp\/wp-content\/uploads\/2014\/03\/20140302-090855.jpg\"><img decoding=\"async\" src=\"http:\/\/santarelli.be\/Wp\/wp-content\/uploads\/2014\/03\/20140302-090855.jpg\" alt=\"20140302-090855.jpg\" class=\"alignnone size-full\" \/><\/a><\/p>\n<p>En rassemblant donc mes diff\u00e9rents propos ci-dessus, on peut retenir que si vous souhaiter avoir l&rsquo;effet de flou maximal avec votre mat\u00e9riel existant, il faudra : ouvrir le diaphragme \u00e0 son maximum, mettre l&rsquo;objectif au maximum de sa focale et r\u00e9duire la distance avec le sujet et vous. Si vous avez envie de vous faire plaisir dans un objectif qui facilitera tout cela, Fuji propose un 35mm 1.4 et d\u00e9sormais un 56mm 1.2. <\/p>\n<p>La forme du bokeh va \u00eatre influenc\u00e9e par la forme du diaphragme (pour des raisons que l&rsquo;optique g\u00e9om\u00e9trique peut expliquer), on retiendra qu&rsquo;au plus le nombre de lamelles qui composent le diaphragme est important, au plus sa forme sera arrondie et appr\u00e9ci\u00e9e des photographes. <\/p>\n<p>A propos des portraits, je n&rsquo;utilise jamais les \u00ab\u00a0modes\u00a0\u00bb de l&rsquo;appareil puisque je tire exclusivement en RAW. La plupart du temps, je tire en mode A, justement pour pouvoir avoir l\u00e0 main sur la profondeur de champ. Donc les portraits, je les r\u00e9alise en appliquant tout ce que je viens d&rsquo;expliquer ci-dessus. <\/p>\n<p>Toutes ces notions sont abord\u00e9es (et beaucoup d&rsquo;autres) lors de mes workshops, rejoignez <a href=\"http:\/\/www.facebook.com\/seb.santarelli\">ma page Facebook<\/a> pour rester au courant de leur organisation. <\/p>\n<p>Beau dimanche \u00e0 tous !<\/p>\n<p>PS : les photos de cet article ne sont pas toutes issues du X-M1 mais nous parlons de g\u00e9n\u00e9ralit\u00e9s en photographie, elles illustrent donc chaque point repris ci-dessus.<\/p>\n","protected":false},"excerpt":{"rendered":"<p>Il y a quelques jours, j&rsquo;ai re\u00e7u cet e-mail. Comme ma r\u00e9ponse allait sans doute en int\u00e9resser plus d&rsquo;un, j&rsquo;ai choisi d&rsquo;y r\u00e9pondre sur le blog. N&rsquo;h\u00e9sitez pas \u00e0 me dire si ce genre d&rsquo;article vous plait. Bonjour S\u00e9bastien , je suis l&rsquo;heureux propri\u00e9taire et novice d&rsquo;un Fuji xm1 avec lequel j&rsquo;arrive \u00e0 faire de &hellip; <\/p>\n<p class=\"link-more\"><a href=\"https:\/\/santarelli.be\/Wp\/archives\/5158\" class=\"more-link\">Continuer la lecture<span class=\"screen-reader-text\"> de &laquo;&nbsp;Comment avoir un fond flou ? R\u00e9ponse \u00e0 un internaute&nbsp;&raquo;<\/span><\/a><\/p>\n","protected":false},"author":2,"featured_media":0,"comment_status":"open","ping_status":"open","sticky":false,"template":"","format":"standard","meta":{"_vp_format_video_url":"","_vp_image_focal_point":[],"footnotes":"","_links_to":"","_links_to_target":""},"categories":[11],"tags":[408,401,189,409],"_links":{"self":[{"href":"https:\/\/santarelli.be\/Wp\/wp-json\/wp\/v2\/posts\/5158"}],"collection":[{"href":"https:\/\/santarelli.be\/Wp\/wp-json\/wp\/v2\/posts"}],"about":[{"href":"https:\/\/santarelli.be\/Wp\/wp-json\/wp\/v2\/types\/post"}],"author":[{"embeddable":true,"href":"https:\/\/santarelli.be\/Wp\/wp-json\/wp\/v2\/users\/2"}],"replies":[{"embeddable":true,"href":"https:\/\/santarelli.be\/Wp\/wp-json\/wp\/v2\/comments?post=5158"}],"version-history":[{"count":0,"href":"https:\/\/santarelli.be\/Wp\/wp-json\/wp\/v2\/posts\/5158\/revisions"}],"wp:attachment":[{"href":"https:\/\/santarelli.be\/Wp\/wp-json\/wp\/v2\/media?parent=5158"}],"wp:term":[{"taxonomy":"category","embeddable":true,"href":"https:\/\/santarelli.be\/Wp\/wp-json\/wp\/v2\/categories?post=5158"},{"taxonomy":"post_tag","embeddable":true,"href":"https:\/\/santarelli.be\/Wp\/wp-json\/wp\/v2\/tags?post=5158"}],"curies":[{"name":"wp","href":"https:\/\/api.w.org\/{rel}","templated":true}]}}