{"id":6183,"date":"2017-04-14T08:17:37","date_gmt":"2017-04-14T08:17:37","guid":{"rendered":"http:\/\/santarelli.be\/Wp\/?p=6183"},"modified":"2017-04-14T08:18:42","modified_gmt":"2017-04-14T08:18:42","slug":"the-world-of-steve-mc-curry-mon-avis-sur-lexpo","status":"publish","type":"post","link":"https:\/\/santarelli.be\/Wp\/archives\/6183","title":{"rendered":"The World of Steve Mc Curry &#8211; Mon avis sur l&rsquo;expo !"},"content":{"rendered":"<p>Cette ann\u00e9e, nous avons la chance d&rsquo;accueillir \u00e0 Bruxelles l&rsquo;exposition de Steve Mc Curry, \u00ab\u00a0The World of Steve Mc Curry\u00a0\u00bb.<\/p>\n<p>Si vous ne voyez pas de qui je veux parler \u00e0 cette ligne, regarder cette photo, plonger dans les yeux de cette jeune femme et vous vous direz \u00ab\u00a0ha oui, cette photo !\u00a0\u00bb:<\/p>\n<p><a href=\"http:\/\/santarelli.be\/Wp\/wp-content\/uploads\/2017\/04\/Santarelli-0007sur-0010.jpg\"><img loading=\"lazy\" decoding=\"async\" class=\"size-large wp-image-6190 aligncenter\" src=\"http:\/\/santarelli.be\/Wp\/wp-content\/uploads\/2017\/04\/Santarelli-0007sur-0010-1024x683.jpg\" alt=\"Photo par : http:\/\/facebook.com\/seb.santarelli\" width=\"768\" height=\"512\" srcset=\"https:\/\/santarelli.be\/Wp\/wp-content\/uploads\/2017\/04\/Santarelli-0007sur-0010-1024x683.jpg 1024w, https:\/\/santarelli.be\/Wp\/wp-content\/uploads\/2017\/04\/Santarelli-0007sur-0010-300x200.jpg 300w, https:\/\/santarelli.be\/Wp\/wp-content\/uploads\/2017\/04\/Santarelli-0007sur-0010-768x512.jpg 768w, https:\/\/santarelli.be\/Wp\/wp-content\/uploads\/2017\/04\/Santarelli-0007sur-0010-144x96.jpg 144w, https:\/\/santarelli.be\/Wp\/wp-content\/uploads\/2017\/04\/Santarelli-0007sur-0010.jpg 1600w\" sizes=\"(max-width: 767px) 89vw, (max-width: 1000px) 54vw, (max-width: 1071px) 543px, 580px\" \/><\/a><\/p>\n<p>&nbsp;<\/p>\n<p>J&rsquo;ai eu l&rsquo;occasion d&rsquo;aller la visiter avec mes amis des<a href=\"http:\/\/santarelli.be\/Wp\/archives\/5236\"> sorties photos Mons<\/a>, une bonne dizaine de passionn\u00e9s qui ont pris la route pour rejoindre la capitale, en ce beau dimanche.<\/p>\n<p>On article va s&rsquo;articuler en 3 parties, pour vous donner mon humble avis sur l&rsquo;expo, le travail et ce que j&rsquo;en retire. Les photos que j&rsquo;ai prises sur place n&rsquo;ont pas vocation \u00e0 reproduire les oeuvres, mais bien \u00e0 vous montrer comment elles sont dispos\u00e9es, pour vous donner envie d&rsquo;aller les voir !<\/p>\n<h2>L&rsquo;expo<\/h2>\n<p>D\u00e8s l&rsquo;entr\u00e9e, on est plong\u00e9 dans une multitude de photos (il y en a 200 expos\u00e9es), avec la sensation d&rsquo;\u00eatre un peu oppress\u00e9 par toutes ces images dispers\u00e9es en haut, en bas, devant soi, derri\u00e8re soi. A quelques exceptions pr\u00e8s, les images sont expos\u00e9es sans ordre particulier, laissant le visiteur d\u00e9ambuler dans la vie de Steve Mc Curry. Je pense que la sensation recherch\u00e9e par la sc\u00e9nographie est clairement de nous montrer la multitude d&rsquo;images et la constance du travail de l&rsquo;artiste au travers des \u00e9poques.<\/p>\n<p><img loading=\"lazy\" decoding=\"async\" class=\"size-large wp-image-6186 aligncenter\" src=\"http:\/\/santarelli.be\/Wp\/wp-content\/uploads\/2017\/04\/Santarelli-0003sur-0010-683x1024.jpg\" alt=\"Photo par : http:\/\/facebook.com\/seb.santarelli\" width=\"683\" height=\"1024\" srcset=\"https:\/\/santarelli.be\/Wp\/wp-content\/uploads\/2017\/04\/Santarelli-0003sur-0010-683x1024.jpg 683w, https:\/\/santarelli.be\/Wp\/wp-content\/uploads\/2017\/04\/Santarelli-0003sur-0010-200x300.jpg 200w, https:\/\/santarelli.be\/Wp\/wp-content\/uploads\/2017\/04\/Santarelli-0003sur-0010-768x1152.jpg 768w, https:\/\/santarelli.be\/Wp\/wp-content\/uploads\/2017\/04\/Santarelli-0003sur-0010-64x96.jpg 64w, https:\/\/santarelli.be\/Wp\/wp-content\/uploads\/2017\/04\/Santarelli-0003sur-0010.jpg 800w\" sizes=\"(max-width: 683px) 100vw, 683px\" \/><\/p>\n<p><img loading=\"lazy\" decoding=\"async\" class=\"size-large wp-image-6185 aligncenter\" src=\"http:\/\/santarelli.be\/Wp\/wp-content\/uploads\/2017\/04\/Santarelli-0002sur-0010-1024x683.jpg\" alt=\"Photo par : http:\/\/facebook.com\/seb.santarelli\" width=\"768\" height=\"512\" srcset=\"https:\/\/santarelli.be\/Wp\/wp-content\/uploads\/2017\/04\/Santarelli-0002sur-0010-1024x683.jpg 1024w, https:\/\/santarelli.be\/Wp\/wp-content\/uploads\/2017\/04\/Santarelli-0002sur-0010-300x200.jpg 300w, https:\/\/santarelli.be\/Wp\/wp-content\/uploads\/2017\/04\/Santarelli-0002sur-0010-768x512.jpg 768w, https:\/\/santarelli.be\/Wp\/wp-content\/uploads\/2017\/04\/Santarelli-0002sur-0010-144x96.jpg 144w, https:\/\/santarelli.be\/Wp\/wp-content\/uploads\/2017\/04\/Santarelli-0002sur-0010.jpg 1600w\" sizes=\"(max-width: 767px) 89vw, (max-width: 1000px) 54vw, (max-width: 1071px) 543px, 580px\" \/><\/p>\n<p><img loading=\"lazy\" decoding=\"async\" class=\"size-large wp-image-6188 aligncenter\" src=\"http:\/\/santarelli.be\/Wp\/wp-content\/uploads\/2017\/04\/Santarelli-0005sur-0010-1024x683.jpg\" alt=\"Photo par : http:\/\/facebook.com\/seb.santarelli\" width=\"768\" height=\"512\" srcset=\"https:\/\/santarelli.be\/Wp\/wp-content\/uploads\/2017\/04\/Santarelli-0005sur-0010-1024x683.jpg 1024w, https:\/\/santarelli.be\/Wp\/wp-content\/uploads\/2017\/04\/Santarelli-0005sur-0010-300x200.jpg 300w, https:\/\/santarelli.be\/Wp\/wp-content\/uploads\/2017\/04\/Santarelli-0005sur-0010-768x512.jpg 768w, https:\/\/santarelli.be\/Wp\/wp-content\/uploads\/2017\/04\/Santarelli-0005sur-0010-144x96.jpg 144w, https:\/\/santarelli.be\/Wp\/wp-content\/uploads\/2017\/04\/Santarelli-0005sur-0010.jpg 1600w\" sizes=\"(max-width: 767px) 89vw, (max-width: 1000px) 54vw, (max-width: 1071px) 543px, 580px\" \/><\/p>\n<p><img loading=\"lazy\" decoding=\"async\" class=\"size-large wp-image-6189 aligncenter\" src=\"http:\/\/santarelli.be\/Wp\/wp-content\/uploads\/2017\/04\/Santarelli-0006sur-0010-1024x683.jpg\" alt=\"Photo par : http:\/\/facebook.com\/seb.santarelli\" width=\"768\" height=\"512\" srcset=\"https:\/\/santarelli.be\/Wp\/wp-content\/uploads\/2017\/04\/Santarelli-0006sur-0010-1024x683.jpg 1024w, https:\/\/santarelli.be\/Wp\/wp-content\/uploads\/2017\/04\/Santarelli-0006sur-0010-300x200.jpg 300w, https:\/\/santarelli.be\/Wp\/wp-content\/uploads\/2017\/04\/Santarelli-0006sur-0010-768x512.jpg 768w, https:\/\/santarelli.be\/Wp\/wp-content\/uploads\/2017\/04\/Santarelli-0006sur-0010-144x96.jpg 144w, https:\/\/santarelli.be\/Wp\/wp-content\/uploads\/2017\/04\/Santarelli-0006sur-0010.jpg 1600w\" sizes=\"(max-width: 767px) 89vw, (max-width: 1000px) 54vw, (max-width: 1071px) 543px, 580px\" \/><\/p>\n<p>J&rsquo;ai particuli\u00e8rement appr\u00e9ci\u00e9 ce reportage de guerre, qui para\u00eet s&rsquo;\u00eatre d\u00e9roul\u00e9 hier, alors qu&rsquo;il date d&rsquo;il y a environ 40 ans&#8230;<\/p>\n<p><img loading=\"lazy\" decoding=\"async\" class=\"size-large wp-image-6187 aligncenter\" src=\"http:\/\/santarelli.be\/Wp\/wp-content\/uploads\/2017\/04\/Santarelli-0004sur-0010-1024x683.jpg\" alt=\"Photo par : http:\/\/facebook.com\/seb.santarelli\" width=\"768\" height=\"512\" srcset=\"https:\/\/santarelli.be\/Wp\/wp-content\/uploads\/2017\/04\/Santarelli-0004sur-0010-1024x683.jpg 1024w, https:\/\/santarelli.be\/Wp\/wp-content\/uploads\/2017\/04\/Santarelli-0004sur-0010-300x200.jpg 300w, https:\/\/santarelli.be\/Wp\/wp-content\/uploads\/2017\/04\/Santarelli-0004sur-0010-768x512.jpg 768w, https:\/\/santarelli.be\/Wp\/wp-content\/uploads\/2017\/04\/Santarelli-0004sur-0010-144x96.jpg 144w, https:\/\/santarelli.be\/Wp\/wp-content\/uploads\/2017\/04\/Santarelli-0004sur-0010.jpg 1600w\" sizes=\"(max-width: 767px) 89vw, (max-width: 1000px) 54vw, (max-width: 1071px) 543px, 580px\" \/><br \/>\nA l&rsquo;entr\u00e9e, on re\u00e7oit un audio guide pour obtenir un commentaire sur 50 images de l&rsquo;expo. L\u00e0, j&rsquo;ai fait l&rsquo;erreur de le demander en Fran\u00e7ais, le mec lit en articulant chaque syllabe comme \u00e0 un cours de diction, c&rsquo;est un peu p\u00e9nible. A refaire, je prends la version originale, par l&rsquo;artiste lui-m\u00eame.<\/p>\n<p>D&rsquo;un point de vue technique, ce t\u00e9l\u00e9phone portable des ann\u00e9es 90 est un peu d\u00e9suet et moche mais \u00e7a a le m\u00e9rite de fonctionner.<\/p>\n<p><img loading=\"lazy\" decoding=\"async\" class=\"size-large wp-image-6184 aligncenter\" src=\"http:\/\/santarelli.be\/Wp\/wp-content\/uploads\/2017\/04\/Santarelli-0001sur-0010-1024x683.jpg\" alt=\"The World of Steve Mc Curry\" width=\"768\" height=\"512\" srcset=\"https:\/\/santarelli.be\/Wp\/wp-content\/uploads\/2017\/04\/Santarelli-0001sur-0010-1024x683.jpg 1024w, https:\/\/santarelli.be\/Wp\/wp-content\/uploads\/2017\/04\/Santarelli-0001sur-0010-300x200.jpg 300w, https:\/\/santarelli.be\/Wp\/wp-content\/uploads\/2017\/04\/Santarelli-0001sur-0010-768x512.jpg 768w, https:\/\/santarelli.be\/Wp\/wp-content\/uploads\/2017\/04\/Santarelli-0001sur-0010-144x96.jpg 144w, https:\/\/santarelli.be\/Wp\/wp-content\/uploads\/2017\/04\/Santarelli-0001sur-0010.jpg 1600w\" sizes=\"(max-width: 767px) 89vw, (max-width: 1000px) 54vw, (max-width: 1071px) 543px, 580px\" \/><\/p>\n<p>J&rsquo;ai d\u00e9j\u00e0 visit\u00e9 d&rsquo;autres mus\u00e9es dans lesquels l&rsquo;audioguide se d\u00e9clenchait automatiquement (Bluetooth) au passage devant une oeuvre, c&rsquo;\u00e9tait pas mal (sur l&rsquo;audioguide ou sur une application mobile, soit dit en passant).<\/p>\n<h2>Le travail<\/h2>\n<p>M\u00eame si les images finales sont esth\u00e9tiques, je ne reste pas fan du travail de Steve Mc Curry en lui-m\u00eame. Les images sont retravaill\u00e9es sur certains d\u00e9tails (comme les yeux qui sont syst\u00e9matiquement brillants et mis en valeur), ce qui diff\u00e8re pas mal de ma mani\u00e8re de voir la photographie, d&rsquo;autant plus quand les images sont publi\u00e9es par des magazines, je trouve que le c\u00f4t\u00e9 \u00ab\u00a0reflet d&rsquo;une r\u00e9alit\u00e9\u00a0\u00bb prend alors, \u00a0d&rsquo;autant plus de sens.<br \/>\nNotons que ce travail est assum\u00e9 par l&rsquo;artiste puisqu&rsquo;on peut en voir quelques d\u00e9tails dans une des vid\u00e9os jouxtant l&rsquo;exposition des photos. Il n&rsquo;est reste pas moins que le travail est abouti , constant, les images bien construites et que l&rsquo;on a sans doute beaucoup \u00e0 apprendre de ce Monsieur. La constance du travail au travers des lieux et des ann\u00e9es est terriblement impressionnante.<\/p>\n<h2>Ce que j&rsquo;en retire<\/h2>\n<ul>\n<li>L&rsquo;importance de la composition, du \u00ab\u00a0Less is More\u00a0\u00bb, l&rsquo;id\u00e9e de simplifier son image en minimisant les \u00e9l\u00e9ment que l&rsquo;on y place, pour en simplifier la lecture et obtenir une image plus impactante.<\/li>\n<li>L&rsquo;importance du moment de la journ\u00e9e pour photographier une sc\u00e8ne. Plusieurs fois dans le commentaire audio, Steve Mc Curry pr\u00e9cise qu&rsquo;il est venu prendre plusieurs fois la m\u00eame image, \u00e0 des moments diff\u00e9rents pour obtenir l&rsquo;image d\u00e9sir\u00e9e. Depuis le d\u00e9but de cette ann\u00e9e, j&rsquo;ai mon appareil avec moi chaque matin et chaque soir pour les trajets vers le boulot, j&rsquo;ai d\u00e9j\u00e0 pu observer toute l&rsquo;importance de choisir son moment, sa lumi\u00e8re.<\/li>\n<li>La sensation que ce gars \u00e0 le sentiment d&rsquo;une vie accomplie, d&rsquo;avoir fig\u00e9 ce qui l&rsquo;entourait toute sa vie, ce qui le porte dans un bonheur apparent que l&rsquo;on peut percevoir au travers des vid\u00e9os dans lesquelles on le voit s&rsquo;exprimer.<\/li>\n<\/ul>\n<p>Et bien s\u00fbr, un bon moment avec mes amis photographes :<\/p>\n<p><a href=\"http:\/\/santarelli.be\/Wp\/wp-content\/uploads\/2017\/04\/Santarelli-0008sur-0010.jpg\"><img loading=\"lazy\" decoding=\"async\" class=\"size-large wp-image-6191 aligncenter\" src=\"http:\/\/santarelli.be\/Wp\/wp-content\/uploads\/2017\/04\/Santarelli-0008sur-0010-1024x683.jpg\" alt=\"Photo par : http:\/\/facebook.com\/seb.santarelli\" width=\"768\" height=\"512\" srcset=\"https:\/\/santarelli.be\/Wp\/wp-content\/uploads\/2017\/04\/Santarelli-0008sur-0010-1024x683.jpg 1024w, https:\/\/santarelli.be\/Wp\/wp-content\/uploads\/2017\/04\/Santarelli-0008sur-0010-300x200.jpg 300w, https:\/\/santarelli.be\/Wp\/wp-content\/uploads\/2017\/04\/Santarelli-0008sur-0010-768x512.jpg 768w, https:\/\/santarelli.be\/Wp\/wp-content\/uploads\/2017\/04\/Santarelli-0008sur-0010-144x96.jpg 144w, https:\/\/santarelli.be\/Wp\/wp-content\/uploads\/2017\/04\/Santarelli-0008sur-0010.jpg 1600w\" sizes=\"(max-width: 767px) 89vw, (max-width: 1000px) 54vw, (max-width: 1071px) 543px, 580px\" \/><\/a><\/p>\n<p><a href=\"http:\/\/santarelli.be\/Wp\/wp-content\/uploads\/2017\/04\/Santarelli-0009sur-0010.jpg\"><img loading=\"lazy\" decoding=\"async\" class=\"size-large wp-image-6192 aligncenter\" src=\"http:\/\/santarelli.be\/Wp\/wp-content\/uploads\/2017\/04\/Santarelli-0009sur-0010-1024x683.jpg\" alt=\"Photo par : http:\/\/facebook.com\/seb.santarelli\" width=\"768\" height=\"512\" srcset=\"https:\/\/santarelli.be\/Wp\/wp-content\/uploads\/2017\/04\/Santarelli-0009sur-0010-1024x683.jpg 1024w, https:\/\/santarelli.be\/Wp\/wp-content\/uploads\/2017\/04\/Santarelli-0009sur-0010-300x200.jpg 300w, https:\/\/santarelli.be\/Wp\/wp-content\/uploads\/2017\/04\/Santarelli-0009sur-0010-768x512.jpg 768w, https:\/\/santarelli.be\/Wp\/wp-content\/uploads\/2017\/04\/Santarelli-0009sur-0010-144x96.jpg 144w, https:\/\/santarelli.be\/Wp\/wp-content\/uploads\/2017\/04\/Santarelli-0009sur-0010.jpg 1600w\" sizes=\"(max-width: 767px) 89vw, (max-width: 1000px) 54vw, (max-width: 1071px) 543px, 580px\" \/><\/a><\/p>\n<figure id=\"attachment_6193\" aria-describedby=\"caption-attachment-6193\" style=\"width: 768px\" class=\"wp-caption aligncenter\"><a href=\"http:\/\/santarelli.be\/Wp\/wp-content\/uploads\/2017\/04\/Santarelli-0010sur-0010.jpg\"><img loading=\"lazy\" decoding=\"async\" class=\"size-large wp-image-6193\" src=\"http:\/\/santarelli.be\/Wp\/wp-content\/uploads\/2017\/04\/Santarelli-0010sur-0010-1024x683.jpg\" alt=\"Photo par : http:\/\/facebook.com\/seb.santarelli\" width=\"768\" height=\"512\" srcset=\"https:\/\/santarelli.be\/Wp\/wp-content\/uploads\/2017\/04\/Santarelli-0010sur-0010-1024x683.jpg 1024w, https:\/\/santarelli.be\/Wp\/wp-content\/uploads\/2017\/04\/Santarelli-0010sur-0010-300x200.jpg 300w, https:\/\/santarelli.be\/Wp\/wp-content\/uploads\/2017\/04\/Santarelli-0010sur-0010-768x512.jpg 768w, https:\/\/santarelli.be\/Wp\/wp-content\/uploads\/2017\/04\/Santarelli-0010sur-0010-144x96.jpg 144w, https:\/\/santarelli.be\/Wp\/wp-content\/uploads\/2017\/04\/Santarelli-0010sur-0010.jpg 1600w\" sizes=\"(max-width: 767px) 89vw, (max-width: 1000px) 54vw, (max-width: 1071px) 543px, 580px\" \/><\/a><figcaption id=\"caption-attachment-6193\" class=\"wp-caption-text\">Photo par : http:\/\/facebook.com\/seb.santarelli<\/figcaption><\/figure>\n<p>&nbsp;<\/p>\n<p>Pas besoin d&rsquo;\u00eatre photographe pour appr\u00e9cier cette exposition, je vous la conseille \u00e0 tous, c&rsquo;est un plaisir pour les yeux et vous pourrez terminer la journ\u00e9e dans 3 de mes lieux pr\u00e9f\u00e9r\u00e9s \u00e0 Bruxelles :<br \/>\n&#8211; Le <a href=\"https:\/\/fr.tripadvisor.be\/Restaurant_Review-g188644-d2032109-Reviews-Le_Cirio-Brussels.html\">Cirio<\/a> pour boire un verre dans une ambiance bruxelloise<br \/>\n&#8211; <a href=\"http:\/\/corica.be\/fr\">Corica<\/a> pour acheter du caf\u00e9 authentique<br \/>\n&#8211; <a href=\"http:\/\/www.maisondandoy.com\/\">Dandoy<\/a> pour leurs biscuits\u00a0et leurs petits coeurs en massepain cuit !<\/p>\n<p>&nbsp;<\/p>\n<p>Toutes les infos pratiques de l&rsquo;expo :\u00a0<a href=\"https:\/\/tempora-expo.be\/the-world-of-steve-mccurry\/\">https:\/\/tempora-expo.be\/the-world-of-steve-mccurry\/\u00a0<\/a><\/p>\n","protected":false},"excerpt":{"rendered":"<p>Cette ann\u00e9e, nous avons la chance d&rsquo;accueillir \u00e0 Bruxelles l&rsquo;exposition de Steve Mc Curry, \u00ab\u00a0The World of Steve Mc Curry\u00a0\u00bb. Si vous ne voyez pas de qui je veux parler \u00e0 cette ligne, regarder cette photo, plonger dans les yeux de cette jeune femme et vous vous direz \u00ab\u00a0ha oui, cette photo !\u00a0\u00bb: &nbsp; J&rsquo;ai &hellip; <\/p>\n<p class=\"link-more\"><a href=\"https:\/\/santarelli.be\/Wp\/archives\/6183\" class=\"more-link\">Continuer la lecture<span class=\"screen-reader-text\"> de &laquo;&nbsp;The World of Steve Mc Curry &#8211; Mon avis sur l&rsquo;expo !&nbsp;&raquo;<\/span><\/a><\/p>\n","protected":false},"author":2,"featured_media":6190,"comment_status":"open","ping_status":"open","sticky":false,"template":"","format":"standard","meta":{"_vp_format_video_url":"","_vp_image_focal_point":[],"footnotes":"","_links_to":"","_links_to_target":""},"categories":[3],"tags":[428,105,536,189,535],"_links":{"self":[{"href":"https:\/\/santarelli.be\/Wp\/wp-json\/wp\/v2\/posts\/6183"}],"collection":[{"href":"https:\/\/santarelli.be\/Wp\/wp-json\/wp\/v2\/posts"}],"about":[{"href":"https:\/\/santarelli.be\/Wp\/wp-json\/wp\/v2\/types\/post"}],"author":[{"embeddable":true,"href":"https:\/\/santarelli.be\/Wp\/wp-json\/wp\/v2\/users\/2"}],"replies":[{"embeddable":true,"href":"https:\/\/santarelli.be\/Wp\/wp-json\/wp\/v2\/comments?post=6183"}],"version-history":[{"count":1,"href":"https:\/\/santarelli.be\/Wp\/wp-json\/wp\/v2\/posts\/6183\/revisions"}],"predecessor-version":[{"id":6194,"href":"https:\/\/santarelli.be\/Wp\/wp-json\/wp\/v2\/posts\/6183\/revisions\/6194"}],"wp:featuredmedia":[{"embeddable":true,"href":"https:\/\/santarelli.be\/Wp\/wp-json\/wp\/v2\/media\/6190"}],"wp:attachment":[{"href":"https:\/\/santarelli.be\/Wp\/wp-json\/wp\/v2\/media?parent=6183"}],"wp:term":[{"taxonomy":"category","embeddable":true,"href":"https:\/\/santarelli.be\/Wp\/wp-json\/wp\/v2\/categories?post=6183"},{"taxonomy":"post_tag","embeddable":true,"href":"https:\/\/santarelli.be\/Wp\/wp-json\/wp\/v2\/tags?post=6183"}],"curies":[{"name":"wp","href":"https:\/\/api.w.org\/{rel}","templated":true}]}}