{"id":6584,"date":"2020-06-17T19:21:00","date_gmt":"2020-06-17T19:21:00","guid":{"rendered":"http:\/\/santarelli.be\/Wp\/?p=6584"},"modified":"2020-06-13T19:38:48","modified_gmt":"2020-06-13T19:38:48","slug":"lhistoire-des-photos-de-ducasse-2020","status":"publish","type":"post","link":"https:\/\/santarelli.be\/Wp\/archives\/6584","title":{"rendered":"L&rsquo;histoire des photos de Ducasse 2020"},"content":{"rendered":"\n<p>Le confinement m&rsquo;a amen\u00e9 \u00e0 consacrer beaucoup plus d&rsquo;attention \u00e0 l&rsquo;exercice de l&rsquo;autoportrait. <\/p>\n\n\n\n<figure class=\"wp-block-image\"><img decoding=\"async\" src=\"https:\/\/scontent.fcrl1-1.fna.fbcdn.net\/v\/t1.0-9\/101633418_10158183878339647_3495357072541745152_o.jpg?_nc_cat=107&amp;_nc_sid=730e14&amp;_nc_ohc=1WsqDbOEcM4AX8ccjIo&amp;_nc_ht=scontent.fcrl1-1.fna&amp;oh=2a120f773f90f5f962164f2620489ffb&amp;oe=5F0AE982\" alt=\"\"\/><figcaption>Quand tu vois ton pote qui ram\u00e8ne 250 pintes \u00e0 la sortie de Ste Waudru apr\u00e8s la Descente de Chasse<\/figcaption><\/figure>\n\n\n\n<p>C&rsquo;est un exercice que je trouve excessivement compliqu\u00e9 \u00e0 principalement parce que ma photographie est bas\u00e9e sur l&rsquo;observation, sur le fait de ressentir le moment et d&rsquo;appuyer sur le d\u00e9clencheur. Tout ceci m&rsquo;est compliqu\u00e9 dans l&rsquo;autoportrait. <\/p>\n\n\n\n<p>A la veille de la non Ducasse 2020, je me suis retrouv\u00e9 \u00e0 boire quelques mousses avec une amie proche dans la cour de la maison et une fois la vue sur cette guirlande lumineuse, j&rsquo;ai eu envie de tenter quelques images. J&rsquo;ai r\u00e9fl\u00e9chi \u00e0 ces images pendant 24h puis me suis lanc\u00e9. <\/p>\n\n\n\n<p>Au niveau setup : <\/p>\n\n\n\n<ul><li>Lampe led r\u00e9glable en intensit\u00e9 qui permet de g\u00e9rer l&rsquo;\u00e9quilibre entre la lumi\u00e8re sur le sujet et l&rsquo;ambiance. J&rsquo;ai <a href=\"https:\/\/www.amazon.fr\/gp\/product\/B01JIBWCX4\/ref=as_li_tl?ie=UTF8&amp;camp=1642&amp;creative=6746&amp;creativeASIN=B01JIBWCX4&amp;linkCode=as2&amp;tag=logsantarelli-21&amp;linkId=72437b4c851ce4ad0a970b1bb78b8431\">ce mod\u00e8le <\/a>sur Amazon. <\/li><li><a href=\"https:\/\/www.amazon.fr\/gp\/product\/B01AP7S4GE\/ref=as_li_tl?ie=UTF8&amp;camp=1642&amp;creative=6746&amp;creativeASIN=B01AP7S4GE&amp;linkCode=as2&amp;tag=logsantarelli-21&amp;linkId=06dbbd73e2224ad1830ca03df92c55f4\">X-PRO2<\/a> 56mm et 35mm , le duo classique pour mes s\u00e9ances de portrait. Il permettent de bien jouer avec un flou dans le fond de l&rsquo;image et donc de permettre de suivre le d\u00e9lire que j&rsquo;avais en t\u00eate d&rsquo;imaginer des sc\u00e8nes de Ducasse. <\/li><li>Une bi\u00e8re pour cadrer l&rsquo;ambiance \u00ab\u00a0Ducasse\u00a0\u00bb<\/li><li>Une guirlande lumineuse IKEA attrap\u00e9e aux soldes il y a quelques ann\u00e9es. <\/li><li>L&rsquo;application Fuji Cam remote qui permet de voir ce que voit l&rsquo;appareil photo, en direct, et de d\u00e9clencher l&rsquo;appareil. <\/li><\/ul>\n\n\n\n<figure class=\"wp-block-image\"><img decoding=\"async\" src=\"https:\/\/scontent.fcrl1-1.fna.fbcdn.net\/v\/t1.0-9\/101840759_10158183878334647_6882807339494146048_o.jpg?_nc_cat=109&amp;_nc_sid=730e14&amp;_nc_ohc=5AqjYAsbNDwAX_AyZ0A&amp;_nc_ht=scontent.fcrl1-1.fna&amp;oh=a503eedc2dfc5c61a50f6275fd47ce77&amp;oe=5F09CEBA\" alt=\"\"\/><figcaption>Quand ton pote regarde davantage les bi\u00e8res que tu ram\u00e8nes que ta t\u00eate<\/figcaption><\/figure>\n\n\n\n<p>Ensuite, il a fallu se d\u00e9connecter des aspects techniques, appuyer sur le d\u00e9clencheur en pensant \u00e0 des sc\u00e8nes de Ducasse. Pour moi, sans doute la partie la plus cr\u00e9ative de l&rsquo;exercice et finalement la plus dr\u00f4le. <\/p>\n\n\n\n<p>Finalement, ces images font partie du post qui a g\u00e9n\u00e9r\u00e9 le plus de r\u00e9actions sur ma page sur les 12 derniers mois ^^. Pour ceux qui ne les ont pas toutes vues, elles sont ici : <\/p>\n\n\n\n<iframe loading=\"lazy\" src=\"https:\/\/www.facebook.com\/plugins\/post.php?href=https%3A%2F%2Fwww.facebook.com%2Fseb.santarelli%2Fposts%2F10158183888604647&#038;show_text=true&#038;width=552&#038;appId=185858244790166&#038;height=804\" width=\"552\" height=\"804\" style=\"border:none;overflow:hidden\" scrolling=\"no\" frameborder=\"0\" allowTransparency=\"true\" allow=\"encrypted-media\"><\/iframe>\n","protected":false},"excerpt":{"rendered":"<p>Le confinement m&rsquo;a amen\u00e9 \u00e0 consacrer beaucoup plus d&rsquo;attention \u00e0 l&rsquo;exercice de l&rsquo;autoportrait. C&rsquo;est un exercice que je trouve excessivement compliqu\u00e9 \u00e0 principalement parce que ma photographie est bas\u00e9e sur l&rsquo;observation, sur le fait de ressentir le moment et d&rsquo;appuyer sur le d\u00e9clencheur. Tout ceci m&rsquo;est compliqu\u00e9 dans l&rsquo;autoportrait. A la veille de la non &hellip; <\/p>\n<p class=\"link-more\"><a href=\"https:\/\/santarelli.be\/Wp\/archives\/6584\" class=\"more-link\">Continuer la lecture<span class=\"screen-reader-text\"> de &laquo;&nbsp;L&rsquo;histoire des photos de Ducasse 2020&nbsp;&raquo;<\/span><\/a><\/p>\n","protected":false},"author":2,"featured_media":0,"comment_status":"open","ping_status":"open","sticky":false,"template":"","format":"standard","meta":{"_vp_format_video_url":"","_vp_image_focal_point":[],"footnotes":"","_links_to":"","_links_to_target":""},"categories":[3,11,13],"tags":[559,163,189],"_links":{"self":[{"href":"https:\/\/santarelli.be\/Wp\/wp-json\/wp\/v2\/posts\/6584"}],"collection":[{"href":"https:\/\/santarelli.be\/Wp\/wp-json\/wp\/v2\/posts"}],"about":[{"href":"https:\/\/santarelli.be\/Wp\/wp-json\/wp\/v2\/types\/post"}],"author":[{"embeddable":true,"href":"https:\/\/santarelli.be\/Wp\/wp-json\/wp\/v2\/users\/2"}],"replies":[{"embeddable":true,"href":"https:\/\/santarelli.be\/Wp\/wp-json\/wp\/v2\/comments?post=6584"}],"version-history":[{"count":2,"href":"https:\/\/santarelli.be\/Wp\/wp-json\/wp\/v2\/posts\/6584\/revisions"}],"predecessor-version":[{"id":6586,"href":"https:\/\/santarelli.be\/Wp\/wp-json\/wp\/v2\/posts\/6584\/revisions\/6586"}],"wp:attachment":[{"href":"https:\/\/santarelli.be\/Wp\/wp-json\/wp\/v2\/media?parent=6584"}],"wp:term":[{"taxonomy":"category","embeddable":true,"href":"https:\/\/santarelli.be\/Wp\/wp-json\/wp\/v2\/categories?post=6584"},{"taxonomy":"post_tag","embeddable":true,"href":"https:\/\/santarelli.be\/Wp\/wp-json\/wp\/v2\/tags?post=6584"}],"curies":[{"name":"wp","href":"https:\/\/api.w.org\/{rel}","templated":true}]}}