{"id":6853,"date":"2024-06-07T19:44:00","date_gmt":"2024-06-07T19:44:00","guid":{"rendered":"https:\/\/santarelli.be\/Wp\/portfolio-2\/?p=6853"},"modified":"2024-06-02T19:50:14","modified_gmt":"2024-06-02T19:50:14","slug":"lhomme-au-chapeau-une-figure-mysterieuse-de-mons","status":"publish","type":"post","link":"https:\/\/santarelli.be\/Wp\/archives\/6853","title":{"rendered":"L&rsquo;Homme au chapeau : Une figure myst\u00e9rieuse de Mons"},"content":{"rendered":"\n<p>Toutes les personnes qui habitent Mons connaissent certaines l\u00e9gendes urbaines, telles que Champi, il y a quelques ann\u00e9es, ou notre ami le photographe, <a href=\"https:\/\/santarelli.be\/Wp\/portfolio-2\/archives\/5672\">Jacky<\/a> qui errait dans les rues. <\/p>\n\n\n\n<p>Aujourd&rsquo;hui, nous devons aussi saluer la pr\u00e9sence de l&rsquo;homme au chapeau, l&rsquo;homme aux plumes, l&rsquo;homme \u00e0 grande cape&#8230; il a plusieurs appellations. Cet individu \u00e9nigmatique fait partie int\u00e9grante de notre paysage urbain, ajoutant une touche de myst\u00e8re et de charme \u00e0 notre ville<\/p>\n\n\n\n<p>Un Portrait vol\u00e9<\/p>\n\n\n\n<figure class=\"wp-block-image size-large\"><a href=\"https:\/\/santarelli.be\/Wp\/wp-content\/uploads\/2024\/06\/santarelli-17-sur-344.jpg\"><img loading=\"lazy\" decoding=\"async\" width=\"1024\" height=\"683\" src=\"https:\/\/santarelli.be\/Wp\/wp-content\/uploads\/2024\/06\/santarelli-17-sur-344-1024x683.jpg\" alt=\"\" class=\"wp-image-6855\" srcset=\"https:\/\/santarelli.be\/Wp\/wp-content\/uploads\/2024\/06\/santarelli-17-sur-344-1024x683.jpg 1024w, https:\/\/santarelli.be\/Wp\/wp-content\/uploads\/2024\/06\/santarelli-17-sur-344-300x200.jpg 300w, https:\/\/santarelli.be\/Wp\/wp-content\/uploads\/2024\/06\/santarelli-17-sur-344-768x512.jpg 768w, https:\/\/santarelli.be\/Wp\/wp-content\/uploads\/2024\/06\/santarelli-17-sur-344-500x333.jpg 500w, https:\/\/santarelli.be\/Wp\/wp-content\/uploads\/2024\/06\/santarelli-17-sur-344-800x533.jpg 800w, https:\/\/santarelli.be\/Wp\/wp-content\/uploads\/2024\/06\/santarelli-17-sur-344-1280x853.jpg 1280w, https:\/\/santarelli.be\/Wp\/wp-content\/uploads\/2024\/06\/santarelli-17-sur-344.jpg 1500w\" sizes=\"(max-width: 767px) 89vw, (max-width: 1000px) 54vw, (max-width: 1071px) 543px, 580px\" \/><\/a><\/figure>\n\n\n\n<p>Durant les pr\u00e9paratifs du Petit Doudou \u00e0 Mons, j&rsquo;ai eu la chance de croiser cet homme avec mon appareil photo \u00e0 la main. Ce portrait vol\u00e9 capture un moment de sa pr\u00e9sence, fig\u00e9 pour l&rsquo;\u00e9ternit\u00e9 dans notre m\u00e9moire collective. Sa silhouette, reconnaissable entre mille, est d\u00e9sormais immortalis\u00e9e. <\/p>\n\n\n\n<h3 class=\"wp-block-heading\">Figer le Passage<\/h3>\n\n\n\n<p>Je suis heureux d&rsquo;avoir crois\u00e9 cet homme avec mon appareil photo \u00e0 la main, pour figer son passage ici, dans notre ville. Chaque rencontre avec lui est un rappel des histoires et des l\u00e9gendes qui fa\u00e7onnent Mons, rendant notre communaut\u00e9 encore plus riche et vivante.<\/p>\n\n\n\n<hr class=\"wp-block-separator\"\/>\n","protected":false},"excerpt":{"rendered":"<p>Toutes les personnes qui habitent Mons connaissent certaines l\u00e9gendes urbaines, telles que Champi, il y a quelques ann\u00e9es, ou notre ami le photographe, Jacky qui errait dans les rues. Aujourd&rsquo;hui, nous devons aussi saluer la pr\u00e9sence de l&rsquo;homme au chapeau, l&rsquo;homme aux plumes, l&rsquo;homme \u00e0 grande cape&#8230; il a plusieurs appellations. Cet individu \u00e9nigmatique fait &hellip; <\/p>\n<p class=\"link-more\"><a href=\"https:\/\/santarelli.be\/Wp\/archives\/6853\" class=\"more-link\">Continuer la lecture<span class=\"screen-reader-text\"> de &laquo;&nbsp;L&rsquo;Homme au chapeau : Une figure myst\u00e9rieuse de Mons&nbsp;&raquo;<\/span><\/a><\/p>\n","protected":false},"author":2,"featured_media":0,"comment_status":"open","ping_status":"open","sticky":false,"template":"","format":"standard","meta":{"_vp_format_video_url":"","_vp_image_focal_point":[],"footnotes":"","_links_to":"","_links_to_target":""},"categories":[3],"tags":[],"_links":{"self":[{"href":"https:\/\/santarelli.be\/Wp\/wp-json\/wp\/v2\/posts\/6853"}],"collection":[{"href":"https:\/\/santarelli.be\/Wp\/wp-json\/wp\/v2\/posts"}],"about":[{"href":"https:\/\/santarelli.be\/Wp\/wp-json\/wp\/v2\/types\/post"}],"author":[{"embeddable":true,"href":"https:\/\/santarelli.be\/Wp\/wp-json\/wp\/v2\/users\/2"}],"replies":[{"embeddable":true,"href":"https:\/\/santarelli.be\/Wp\/wp-json\/wp\/v2\/comments?post=6853"}],"version-history":[{"count":1,"href":"https:\/\/santarelli.be\/Wp\/wp-json\/wp\/v2\/posts\/6853\/revisions"}],"predecessor-version":[{"id":6856,"href":"https:\/\/santarelli.be\/Wp\/wp-json\/wp\/v2\/posts\/6853\/revisions\/6856"}],"wp:attachment":[{"href":"https:\/\/santarelli.be\/Wp\/wp-json\/wp\/v2\/media?parent=6853"}],"wp:term":[{"taxonomy":"category","embeddable":true,"href":"https:\/\/santarelli.be\/Wp\/wp-json\/wp\/v2\/categories?post=6853"},{"taxonomy":"post_tag","embeddable":true,"href":"https:\/\/santarelli.be\/Wp\/wp-json\/wp\/v2\/tags?post=6853"}],"curies":[{"name":"wp","href":"https:\/\/api.w.org\/{rel}","templated":true}]}}